[{"@context":"https:\/\/schema.org\/","@type":"Article","@id":"https:\/\/www.kvetnet.sk\/facebook-ma-nove-dlhodobejsie-ciele\/#Article","mainEntityOfPage":"https:\/\/www.kvetnet.sk\/facebook-ma-nove-dlhodobejsie-ciele\/","headline":"Facebook ma nov\u00e9 dlhodobej\u0161ie ciele","name":"Facebook ma nov\u00e9 dlhodobej\u0161ie ciele","description":"Gener\u00e1lny riadite\u013e Facebooku Mark Zuckerberg vo \u0161tvrtok uviedol, \u017ee tento rok up\u00fa\u0161\u0165a od svojich ka\u017edoro\u010dn\u00fdch v\u00fdziev, aby sa dlhodobej\u0161ie zameral na nasleduj\u00face desa\u0165ro\u010die. Zuckerberg uviedol, \u017ee pl\u00e1nuje okrem in\u00e9ho pracova\u0165 na novej s\u00fakromnej soci\u00e1lnej platforme,&hellip;\r\n <p> <a class=\"more-link\" href=\"https:\/\/www.kvetnet.sk\/facebook-ma-nove-dlhodobejsie-ciele\/\">\u010c\u00edst v\u00edce<\/a><\/p>","datePublished":"2020-01-16","dateModified":"2023-04-27","author":{"@type":"Person","@id":"https:\/\/www.kvetnet.sk\/author\/#Person","name":"","url":"https:\/\/www.kvetnet.sk\/author\/","identifier":1,"image":{"@type":"ImageObject","@id":"https:\/\/secure.gravatar.com\/avatar\/c4e504508c75b610a351629e223ddd0c5b7858df84b2b7deedc4e007bdf99fc8?s=96&d=mm&r=g","url":"https:\/\/secure.gravatar.com\/avatar\/c4e504508c75b610a351629e223ddd0c5b7858df84b2b7deedc4e007bdf99fc8?s=96&d=mm&r=g","height":96,"width":96}},"publisher":{"@type":"Organization","name":"kvetnet.sk","logo":{"@type":"ImageObject","@id":"\/logo.png","url":"\/logo.png","width":600,"height":60}},"image":{"@type":"ImageObject","@id":"https:\/\/www.kvetnet.sk\/wp-content\/uploads\/img_a309866_w16898_t1580314242.png","url":"https:\/\/www.kvetnet.sk\/wp-content\/uploads\/img_a309866_w16898_t1580314242.png","height":0,"width":0},"url":"https:\/\/www.kvetnet.sk\/facebook-ma-nove-dlhodobejsie-ciele\/","about":["Spolo\u010dnos\u0165"],"wordCount":385,"articleBody":"Gener\u00e1lny riadite\u013e Facebooku Mark Zuckerberg vo \u0161tvrtok uviedol, \u017ee tento rok up\u00fa\u0161\u0165a od svojich ka\u017edoro\u010dn\u00fdch v\u00fdziev, aby sa dlhodobej\u0161ie zameral na nasleduj\u00face desa\u0165ro\u010die.Zuckerberg uviedol, \u017ee pl\u00e1nuje okrem in\u00e9ho pracova\u0165 na novej s\u00fakromnej soci\u00e1lnej platforme, decentralizovanej technol\u00f3gii, genera\u010dn\u00fdch ot\u00e1zkach a\u00a0nov\u00fdch form\u00e1ch digit\u00e1lneho riadenia.Tento krok by ho prin\u00fatil s\u00fastredi\u0165 sa na viac na jeho poz\u00edciu v\u00fdkonn\u00e9ho riadite\u013ea a\u00a0probl\u00e9my, ktor\u00e9 zasiahli t\u00fato zn\u00e1mu spolo\u010dnos\u0165 namiesto osobn\u00fdch cie\u013eov, ako je u\u010denie mandar\u00ednky a\u00a0\u010d\u00edtanie dvoch kn\u00edh mesa\u010dne.\u201eSk\u00f4r ne\u017e ma\u0165 medziro\u010dn\u00e9 v\u00fdzvy, som sa pok\u00fasil prem\u00fd\u0161\u013ea\u0165 o\u00a0to, \u010do d\u00fafam, \u017ee svet a\u00a0m\u00f4j \u017eivot bud\u00fa vyzera\u0165 v\u00a0roku 2030, aby som mohol zabezpe\u010di\u0165, aby som na tieto veci s\u00fastredil,\u201c uviedol CEO Mark Zuckerberg.Zuckerberg, ktor\u00e9ho spolo\u010dnos\u0165 je pod tlakom z\u00a0d\u00f4vodu nedostato\u010dnej kontroly obsahu a\u00a0ochrany s\u00fakromia pou\u017e\u00edvate\u013eov na svojej platforme, uviedol, \u017ee od vl\u00e1d o\u010dak\u00e1va, \u017ee v\u00a0nasleduj\u00facom desa\u0165ro\u010d\u00ed predlo\u017eia jasnej\u0161ie pravidl\u00e1 pre celosvetov\u00fd internet.\u201ePlatgormy ako FB musia robi\u0165 tieto kompromisy v\u00a0oblasti spolo\u010densk\u00fdch hodn\u00f4t, ktor\u00e9 v\u0161etci v\u00e1\u017eime \u2013 napr\u00edklad medzi slobodn\u00fdm prejavom a\u00a0bezpe\u010dnos\u0165ou alebo medzi s\u00fakrom\u00edm a\u00a0presadzovan\u00edm pr\u00e1va alebo medzi vytv\u00e1ran\u00edm otvoren\u00fdch syst\u00e9mov a\u00a0blokovan\u00edm \u00fadajov a\u00a0pr\u00edstupu,\u201c uviedol CEO Facebooku.\u201eNemysl\u00edm si, \u017ee by s\u00fakromn\u00e9 organiz\u00e1cie mali robi\u0165 to\u013eko d\u00f4le\u017eit\u00fdch rozhodnut\u00ed, ktor\u00e9 sa dot\u00fdkaj\u00fa z\u00e1kladn\u00fdch demokratick\u00fdch hodn\u00f4t.\u201cV\u00a0priebehu nasleduj\u00faceho desa\u0165ro\u010dia CEO pl\u00e1nuje financova\u0165 a\u00a0poskytn\u00fa\u0165 platformu pre mlad\u00fdch podnikate\u013eov a\u00a0vedcov na lie\u010denie, prevenciu a\u00a0zvl\u00e1danie chor\u00f4b.Pouk\u00e1zal na to, \u017ee zatia\u013e \u010do internet pomohol \u013eu\u010fom spoji\u0165 sa po celom svete, \u013eudia tie\u017e t\u00fa\u017eili po intimite.\u201eV najbli\u017e\u0161om desa\u0165ro\u010d\u00ed n\u00e1m niektor\u00e9 z\u00a0najd\u00f4le\u017eitej\u0161\u00edch soci\u00e1lnych infra\u0161trukt\u00far pom\u00f4\u017eu zrekon\u0161truova\u0165 v\u0161etky druhy men\u0161\u00edch komun\u00edt, aby n\u00e1m op\u00e4\u0165 poskytli ten pocit intimity,\u201c uviedol.                                                                                                                                                                                                                                                                                                                                                                                        4.7\/5 - (7 votes)        "},{"@context":"https:\/\/schema.org\/","@type":"BreadcrumbList","itemListElement":[{"@type":"ListItem","position":1,"name":"Facebook ma nov\u00e9 dlhodobej\u0161ie ciele","item":"https:\/\/www.kvetnet.sk\/facebook-ma-nove-dlhodobejsie-ciele\/#breadcrumbitem"}]}]