[{"@context":"https:\/\/schema.org\/","@type":"Article","@id":"https:\/\/www.kvetnet.sk\/od-roztrhaneho-kontinentu-k-europe-ktora-zije-v-mieri\/#Article","mainEntityOfPage":"https:\/\/www.kvetnet.sk\/od-roztrhaneho-kontinentu-k-europe-ktora-zije-v-mieri\/","headline":"Od roztrhan\u00e9ho kontinentu k Eur\u00f3pe, ktor\u00e1 \u017eije v mieri.","name":"Od roztrhan\u00e9ho kontinentu k Eur\u00f3pe, ktor\u00e1 \u017eije v mieri.","description":"N\u00e1rody sa dnes na seba prizeraj\u00fa spoza hran\u00edc, ktor\u00e9 prede\u013euj\u00fa jednotliv\u00e9 \u00fazemia Eur\u00f3py od Uralu a\u017e po Atlantik, od Pyrenej\u00ed po \u010cierne more a od hor\u00facich sf\u00e9r Stredomoria po ter\u00e9n pokryt\u00fd snehom a \u013eadom, t\u00fd\u010diaci&hellip;\r\n <p> <a class=\"more-link\" href=\"https:\/\/www.kvetnet.sk\/od-roztrhaneho-kontinentu-k-europe-ktora-zije-v-mieri\/\">\u010c\u00edst v\u00edce<\/a><\/p>","datePublished":"2019-10-22","dateModified":"2023-04-27","author":{"@type":"Person","@id":"https:\/\/www.kvetnet.sk\/author\/#Person","name":"","url":"https:\/\/www.kvetnet.sk\/author\/","identifier":1,"image":{"@type":"ImageObject","@id":"https:\/\/secure.gravatar.com\/avatar\/c4e504508c75b610a351629e223ddd0c5b7858df84b2b7deedc4e007bdf99fc8?s=96&d=mm&r=g","url":"https:\/\/secure.gravatar.com\/avatar\/c4e504508c75b610a351629e223ddd0c5b7858df84b2b7deedc4e007bdf99fc8?s=96&d=mm&r=g","height":96,"width":96}},"publisher":{"@type":"Organization","name":"kvetnet.sk","logo":{"@type":"ImageObject","@id":"\/logo.png","url":"\/logo.png","width":600,"height":60}},"image":{"@type":"ImageObject","@id":"https:\/\/www.kvetnet.sk\/wp-content\/uploads\/img_a307395_w16879_t1571471573.jpg","url":"https:\/\/www.kvetnet.sk\/wp-content\/uploads\/img_a307395_w16879_t1571471573.jpg","height":0,"width":0},"url":"https:\/\/www.kvetnet.sk\/od-roztrhaneho-kontinentu-k-europe-ktora-zije-v-mieri\/","about":["Spolo\u010dnos\u0165"],"wordCount":618,"articleBody":"N\u00e1rody sa dnes na seba prizeraj\u00fa spoza hran\u00edc, ktor\u00e9 prede\u013euj\u00fa jednotliv\u00e9 \u00fazemia Eur\u00f3py od Uralu a\u017e po Atlantik, od Pyrenej\u00ed po \u010cierne more a od hor\u00facich sf\u00e9r Stredomoria po ter\u00e9n pokryt\u00fd snehom a \u013eadom, t\u00fd\u010diaci sa na vrchu \u0160kandin\u00e1vskeho trojc\u00edpu. Dnes tie n\u00e1rody v\u0161ak pokladaj\u00fa cel\u00e9 to bohatstvo, \u010do im pon\u00faka spolo\u010dn\u00e9 \u00fazemie, za samozrejm\u00fa vidinu zajtraj\u0161ka. Av\u0161ak nie v\u017edy tomu tak bolo. T\u00e1 kr\u00e1sa, \u010do vy\u017earuje z pokojn\u00e9ho \u00fazemia Eur\u00f3py, ktor\u00e9 pozn\u00e1me dnes my &#8211; deti dvadsiateho prv\u00e9ho storo\u010dia, pr\u00e1ve t\u00e1 sa zrodila v momentoch tej najv\u00e4\u010d\u0161ej skazy. Inak povedan\u00e9, keby nebolo krvav\u00fdch vojen, kedy sa na eur\u00f3pske p\u00f4dy r\u00facali obete zroden\u00e9 z odhodlania br\u00e1ni\u0165 svoju vlas\u0165, \u013eud by sa nepok\u00fa\u0161al budova\u0165 spolo\u010dn\u00fa pevnos\u0165, ktor\u00e1 mu garantuje mier.\u010co tvor\u00ed spolo\u010dn\u00fa identitu modernej Eur\u00f3py?Ke\u010f hovor\u00edme o budovan\u00ed spolo\u010dn\u00e9ho \u201eeur\u00f3pskeho n\u00e1roda\u201c, ktor\u00fd sa rozhodol povsta\u0165 potom, ako sa spam\u00e4tal z tragickej por\u00e1\u017eky, ktor\u00fa s\u00e1m sebe udelil po\u010das rozhoduj\u00facich bitiek dvadsiateho storo\u010dia, mali by sme ma\u0165 na mysli spolo\u010dn\u00e9 dedi\u010dstvo, ktor\u00e9 sa pretavilo do podoby n\u00e1rodov, ako ich pozn\u00e1me dnes. Carl Schmitt vo svojom diele vyu\u017e\u00edva pojem \u201eob\u010dianska eur\u00f3pska vojna\u201c, aby objasnil sled udalost\u00ed, ktor\u00e9 hostil kontinent behom dvadsiateho storo\u010dia. Vyzdvihuje tie\u017e d\u00f4le\u017eitos\u0165, ktor\u00e1 spo\u010d\u00edva v pochopen\u00ed, \u017ee hoci sa eur\u00f3psky \u013eud nieko\u013eko r\u00e1z vo svojej hist\u00f3rii pok\u00fasil roztrha\u0165 spolo\u010dn\u00fa ideol\u00f3giu a poprie\u0165 svoj p\u00f4vod, zdie\u013ea spolo\u010dn\u00fa krv.To, \u010do v sebe zah\u0155\u0148a pojem \u201espolo\u010dn\u00e1 identita\u201c, to je bezpochyby i d\u00f4le\u017eitos\u0165 spolo\u010dnej pamiatky Eur\u00f3panov; inak povedan\u00e9, to, \u010do Eur\u00f3pan dnes m\u00f4\u017ee pova\u017eova\u0165 za tvorcu jeho identity, to je pr\u00e1ve sp\u00f4sob, ktor\u00fdm dok\u00e1\u017ee nazrie\u0165 do spolo\u010dnej minulosti pre vytvorenie priaznivej bud\u00facnosti. Pr\u00e1ve to je d\u00f4vodom, pre\u010do sa v na\u0161ich radoch hovor\u00ed o d\u00f4le\u017eitosti pripom\u00edna\u0165 si star\u00e9 prehry. Preto\u017ee len v\u010faka ich p\u00f4sobnosti a trv\u00e1cnosti, dnes sa dok\u00e1\u017ee \u013eud pos\u00fava\u0165 \u010falej, kontroluj\u00fac tempo svojho kroku.Vedomie spolo\u010dn\u00e9ho bytia: je trv\u00e1cnym v \u010dasoch kr\u00edzy?To, \u010do je zak\u00f3dovan\u00e9 v n\u00e1ture \u010dloveka samotn\u00e9ho, t\u00fdm je zrejme ak\u00e1si zvl\u00e1\u0161tna povinnos\u0165 ohrani\u010dova\u0165 svoj priestor vo chv\u00edli, kedy sa c\u00edti ohrozen\u00fd ostatn\u00fdmi. Ide o psychologick\u00fd akt, ktor\u00fd pretrv\u00e1va v myslen\u00ed jednotlivca a roz\u0161iruje sa v priestranstve, kde sa sna\u017eia \u013eudsk\u00e9 bytosti spolo\u010dne na\u017e\u00edva\u0165. Pr\u00e1ve to po cel\u00e9 tis\u00edcro\u010dia viedlo Eur\u00f3panov k vz\u00e1jomn\u00fdm pot\u00fd\u010dkam a drav\u00fdm bojom, vyhroten\u00fdch do masov\u00fdch str\u00e1t a hromadn\u00fdch utrpen\u00ed. Syst\u00e9m budovania r\u00ed\u0161 sa jav\u00ed by\u0165 nanajv\u00fd\u0161 prirodzenou \u010drtou via\u017e\u00facou sa k existencii jednotlivca. \u013dudsk\u00e9 indiv\u00edduum zjavne potrebuje v sebe k\u0155mi\u0165 pocit spo\u010d\u00edvaj\u00faci v tom, \u017ee k nie\u010domu a k niekomu patr\u00ed. Pr\u00e1ve t\u00fdm v\u0161ak jednotliv\u00e9 \u00fazemia sveta riskuj\u00fa tvarova\u0165 ohrani\u010den\u00e9 z\u00f3ny, ktor\u00fdmi sa vedome uzatv\u00e1raj\u00fa pred druhou komunitou, ktorej meno nepoznaj\u00fa.Na eur\u00f3pskom \u00fazem\u00ed tomu nebolo inak. N\u00e1rody sa k sebe stavali nehostinne a\u017e do momentu, kedy pochopili, \u017ee ich povinnos\u0165 spo\u010d\u00edva vo vybudovan\u00ed jednotnej a silnej Eur\u00f3py. Dnes sa n\u00e1m v\u0161ak n\u00faka ot\u00e1zka: je Eur\u00f3pa schopn\u00e1 kr\u00e1\u010da\u0165 po spolo\u010dnej ceste i v \u010dasoch v\u00e1hania a neistoty?                                                                                                                                                                                                                                                                                                                                                                                        4.4\/5 - (16 votes)        "},{"@context":"https:\/\/schema.org\/","@type":"BreadcrumbList","itemListElement":[{"@type":"ListItem","position":1,"name":"Od roztrhan\u00e9ho kontinentu k Eur\u00f3pe, ktor\u00e1 \u017eije v mieri.","item":"https:\/\/www.kvetnet.sk\/od-roztrhaneho-kontinentu-k-europe-ktora-zije-v-mieri\/#breadcrumbitem"}]}]