[{"@context":"https:\/\/schema.org\/","@type":"Article","@id":"https:\/\/www.kvetnet.sk\/oslavte-jar-bielou\/#Article","mainEntityOfPage":"https:\/\/www.kvetnet.sk\/oslavte-jar-bielou\/","headline":"Osl\u00e1vte jar bielou !","name":"Osl\u00e1vte jar bielou !","description":"Jar je pln\u00e1 svie\u017eich farieb, a\u00a0to plat\u00ed aj o\u00a0oble\u010den\u00ed. \u010c\u00edslom jeden je biela, ktor\u00e1 sa na toto ro\u010dn\u00e9 obdobie hod\u00ed ako uliata. D\u00f4kazom s\u00fa aj outfity, ktor\u00e9 sa uk\u00e1zali na tohtoro\u010dn\u00fdch t\u00fd\u017ed\u0148och m\u00f3dy. \u00a0 Biela&hellip;\r\n <p> <a class=\"more-link\" href=\"https:\/\/www.kvetnet.sk\/oslavte-jar-bielou\/\">\u010c\u00edst v\u00edce<\/a><\/p>","datePublished":"2019-01-30","dateModified":"2023-04-27","author":{"@type":"Person","@id":"https:\/\/www.kvetnet.sk\/author\/#Person","name":"","url":"https:\/\/www.kvetnet.sk\/author\/","identifier":1,"image":{"@type":"ImageObject","@id":"https:\/\/secure.gravatar.com\/avatar\/c4e504508c75b610a351629e223ddd0c5b7858df84b2b7deedc4e007bdf99fc8?s=96&d=mm&r=g","url":"https:\/\/secure.gravatar.com\/avatar\/c4e504508c75b610a351629e223ddd0c5b7858df84b2b7deedc4e007bdf99fc8?s=96&d=mm&r=g","height":96,"width":96}},"publisher":{"@type":"Organization","name":"kvetnet.sk","logo":{"@type":"ImageObject","@id":"\/logo.png","url":"\/logo.png","width":600,"height":60}},"image":{"@type":"ImageObject","@id":"https:\/\/www.kvetnet.sk\/wp-content\/uploads\/img_a299017_w16633_t1553950628.jpg","url":"https:\/\/www.kvetnet.sk\/wp-content\/uploads\/img_a299017_w16633_t1553950628.jpg","height":0,"width":0},"url":"https:\/\/www.kvetnet.sk\/oslavte-jar-bielou\/","about":["V\u00fdrobky"],"wordCount":403,"articleBody":"Jar je pln\u00e1 svie\u017eich farieb, a\u00a0to plat\u00ed aj o\u00a0oble\u010den\u00ed. \u010c\u00edslom jeden je biela, ktor\u00e1 sa na toto ro\u010dn\u00e9 obdobie hod\u00ed ako uliata. D\u00f4kazom s\u00fa aj outfity, ktor\u00e9 sa uk\u00e1zali na tohtoro\u010dn\u00fdch t\u00fd\u017ed\u0148och m\u00f3dy.\u00a0Biela m\u00e1 rada hned\u00fa \u00a0Biela farba je univerz\u00e1lna, p\u00f4sob\u00ed \u010disto, \u013eahko a\u00a0z\u00e1rove\u0148 elegantne. A\u017e by sa mohlo zda\u0165, \u017ee \u0148ou nem\u00f4\u017eete ni\u010d pokazi\u0165. Bohu\u017eia\u013e to nie je pravda. Aj s\u00a0touto farbou to m\u00f4\u017eete prehna\u0165. Zapam\u00e4tajte si jedno pravidlo. Ak siahnete po bielych k\u00faskoch oble\u010denia, va\u0161e doplnky by mali by\u0165 v\u00a0in\u00fdch farb\u00e1ch. Plat\u00ed to aj naopak. Biely klob\u00fak a\u00a0top\u00e1nky, by ste mali kombinova\u0165 napr\u00edklad s\u00a0jemn\u00fdmi odtie\u0148mi hnedej, pieskovo \u017eltej, alebo kapu\u010d\u00ednovej. Dajte si v\u0161ak pozor na pr\u00edli\u0161n\u00e9 kontrasty. K\u00a0tejto farbe sa hodia jemn\u00e9 t\u00f3ny. Samozrejme, pozn\u00e1me aj mno\u017estvo \u010diernobielych kombin\u00e1ci\u00ed, ktor\u00e9 vyzeraj\u00fa super. Tie si v\u0161ak m\u00f4\u017eete dovoli\u0165 iba vtedy, ak ich dok\u00e1\u017eete dokonale vyladi\u0165. V\u00a0inom pr\u00edpade budete vyzera\u0165, ako by ste pr\u00e1ve vy\u0161li z\u00a0cirkusu.\u00a0Pre blond\u00ednky aj \u010diernovl\u00e1sky \u00a0Biela farba m\u00e1 jednu neskuto\u010dn\u00fa v\u00fdhodu. M\u00f4\u017eete si ju dovoli\u0165 v\u00a0dvadsiatke, ale taktie\u017e v\u00a0p\u00e4\u0165desiatke. Je jednoducho skvel\u00e1 pre v\u0161etky vekov\u00e9 kateg\u00f3rie. Ak patr\u00edte k\u00a0svetl\u00fdm typom, mo\u017eno sa ob\u00e1vate, \u017ee v tejto farbe budete p\u00f4sobi\u0165 pr\u00edli\u0161 bledo, skleslo a\u00a0nev\u00fdrazne. To v\u0161ak nie je pravda. Svetl\u00fa poko\u017eku dok\u00e1\u017ee doslova roz\u017eiari\u0165. Naopak tmav\u0161ie typy zaboduj\u00fa v\u00fdrazn\u00fdm kontrastom.\u00a0Nebojte sa kombinova\u0165 \u00a0Tento rok s\u00fa v\u00a0kurze napr\u00edklad dlh\u00e9, biele p\u00e1sov\u00e9 sukne s\u00a0v\u00fdrazne zdoben\u00fdmi opaskami. Tie m\u00f4\u017eete kombinova\u0165 s\u00a0kr\u00e1tkymi bl\u00fazkami, alebo do nich zasun\u00fa\u0165 biele tri\u010dko s\u00a0kr\u00e1tkym ruk\u00e1vom. IN s\u00fa taktie\u017e hrub\u00e9 pr\u00fa\u017eky. Ni\u010d nepokaz\u00edte marhu\u013eov\u00fdmi odtie\u0148mi. K\u00a0bielej sa hodia aj staroru\u017eov\u00e1, kr\u00e9mov\u00e1, alebo tyrkysov\u00e1. Ak patr\u00edte k\u00a0t\u00fdm odv\u00e1\u017enej\u0161\u00edm, ur\u010dite sa nemus\u00edte b\u00e1\u0165 zo skrine vytiahnu\u0165 star\u00fa dobr\u00fa \u201ezebru\u201c, \u010di \u201etigra\u201c. A\u00a0\u010do na nohy? S\u00a0\u010disto bielym outfitom skvelo ladia ko\u017eenkov\u00e9 poltop\u00e1nky v\u00a0hned\u00fdch odtie\u0148och, alebo klasick\u00e9 tenisky s\u00a0v\u00fdrazn\u00fdmi kvetov\u00fdmi vzormi.                                                                                                                                                                                                                                                                                                                                                                                        4.2\/5 - (10 votes)        "},{"@context":"https:\/\/schema.org\/","@type":"BreadcrumbList","itemListElement":[{"@type":"ListItem","position":1,"name":"Osl\u00e1vte jar bielou !","item":"https:\/\/www.kvetnet.sk\/oslavte-jar-bielou\/#breadcrumbitem"}]}]