[{"@context":"https:\/\/schema.org\/","@type":"Article","@id":"https:\/\/www.kvetnet.sk\/zateplite-si-dom-pokial-este-nie-je-neskoro\/#Article","mainEntityOfPage":"https:\/\/www.kvetnet.sk\/zateplite-si-dom-pokial-este-nie-je-neskoro\/","headline":"Zateplite si dom pokia\u013e e\u0161te nie je neskoro","name":"Zateplite si dom pokia\u013e e\u0161te nie je neskoro","description":"Chladn\u00e9 obdobie v na\u0161ich zemepisn\u00fdch \u0161\u00edrkach trv\u00e1 dlh\u0161ie ako to tepl\u00e9, a tak aj pr\u00edprava domov a v\u0161etk\u00fdch budov, ktor\u00e9 vyu\u017e\u00edvaj\u00fa \u013eudia, si vy\u017eaduj\u00fa \u00fapravu ich tepelno-izola\u010dn\u00fdch vlastnost\u00ed, \u010do znamen\u00e1, \u017ee je nutn\u00e9 ich zatepli\u0165.&hellip;\r\n <p> <a class=\"more-link\" href=\"https:\/\/www.kvetnet.sk\/zateplite-si-dom-pokial-este-nie-je-neskoro\/\">\u010c\u00edst v\u00edce<\/a><\/p>","datePublished":"2021-09-29","dateModified":"2023-04-27","author":{"@type":"Person","@id":"https:\/\/www.kvetnet.sk\/author\/#Person","name":"","url":"https:\/\/www.kvetnet.sk\/author\/","identifier":1,"image":{"@type":"ImageObject","@id":"https:\/\/secure.gravatar.com\/avatar\/c4e504508c75b610a351629e223ddd0c5b7858df84b2b7deedc4e007bdf99fc8?s=96&d=mm&r=g","url":"https:\/\/secure.gravatar.com\/avatar\/c4e504508c75b610a351629e223ddd0c5b7858df84b2b7deedc4e007bdf99fc8?s=96&d=mm&r=g","height":96,"width":96}},"publisher":{"@type":"Organization","name":"kvetnet.sk","logo":{"@type":"ImageObject","@id":"\/logo.png","url":"\/logo.png","width":600,"height":60}},"image":{"@type":"ImageObject","@id":"https:\/\/www.kvetnet.sk\/wp-content\/uploads\/obr%C3%A1zok_2021-11-26_101935_1.png","url":"https:\/\/www.kvetnet.sk\/wp-content\/uploads\/obr%C3%A1zok_2021-11-26_101935_1.png","height":0,"width":0},"url":"https:\/\/www.kvetnet.sk\/zateplite-si-dom-pokial-este-nie-je-neskoro\/","about":["V\u00fdrobky"],"wordCount":452,"articleBody":"   Chladn\u00e9 obdobie v na\u0161ich zemepisn\u00fdch \u0161\u00edrkach trv\u00e1 dlh\u0161ie ako to tepl\u00e9, a tak aj pr\u00edprava domov a v\u0161etk\u00fdch budov, ktor\u00e9 vyu\u017e\u00edvaj\u00fa \u013eudia, si vy\u017eaduj\u00fa \u00fapravu ich tepelno-izola\u010dn\u00fdch vlastnost\u00ed, \u010do znamen\u00e1, \u017ee je nutn\u00e9 ich zatepli\u0165. Na tieto \u00fa\u010dely sl\u00fa\u017eia dosky z miner\u00e1lnej vlny.Na zateplenie s\u00fa vhodn\u00e9 dosky z miner\u00e1lnej vlny, ktor\u00e9 s\u00fa v\u00fdborn\u00fdm izolantom. Miner\u00e1lna vlna sa vyr\u00e1ba z rozvl\u00e1knenej taveniny vulkanick\u00fdch horn\u00edn s rozli\u010dn\u00fdmi pr\u00edmesami a ide o nehor\u013eav\u00e9 materi\u00e1ly, ktor\u00e9 maj\u00fa vysok\u00fd tepeln\u00fd odpor a v\u00fdborn\u00fa mechanick\u00fa odolnos\u0165. Dosky z miner\u00e1lnej vlny sa daj\u00fa pou\u017e\u00edva\u0165 na zatep\u013eovanie v\u0161etk\u00fdch \u010dast\u00ed budov, no v z\u00e1vislosti od hustoty materi\u00e1lu sa rozde\u013euj\u00fa na \u013eahk\u00e9, stredn\u00e9 a \u0165a\u017ek\u00e9 vlny. \u013dahk\u00e9 vlny maj\u00fa n\u00edzku objemov\u00fa hmotnos\u0165, a preto sa vyu\u017e\u00edvaj\u00fa na zateplenie \u0161ikm\u00fdch striech a stropov. Stredne \u0165a\u017ek\u00e9 vlny maj\u00fa v\u00fdborn\u00e9 tepelno-izola\u010dn\u00e9 a akustick\u00e9 vlastnosti a tieto sa daj\u00fa vyu\u017ei\u0165 pri zatep\u013eovan\u00ed fas\u00e1d. \u0164a\u017ek\u00e9 vlny maj\u00fa vysok\u00fa pevnos\u0165 v tlaku a aj perfektn\u00e9 protipo\u017eiarne vlastnosti, \u010do sa vyu\u017e\u00edva pri zatep\u013eovan\u00ed podl\u00e1h ploch\u00fdch striech, preto\u017ee s\u00fa poch\u00f4dzne.Hr\u00fabka izola\u010dn\u00e9ho p\u00e1su je z\u00e1visl\u00e1 od normov\u00fdch hodn\u00f4t miesta, kde bude pou\u017eit\u00fd. Napr\u00edklad mineralna vlna na strop miner\u00e1lna vlna, ktor\u00e1 m\u00e1 hr\u00fabku 200mm, je najvhodnej\u0161ia na pou\u017eitie na fas\u00e1du. Na zateplenie fas\u00e1dy kontaktnou met\u00f3dou, pri ktorej sa vlna lep\u00ed priamo na murivo, je najlep\u0161ou vo\u013ebou kamenn\u00e1 vlna spracovan\u00e1 do tvaru lamiel alebo dosiek. Prevetr\u00e1van\u00e1 fas\u00e1da sa sklad\u00e1 z nosn\u00e9ho ro\u0161tu, na ktor\u00fd sa kotv\u00ed dan\u00e1 izol\u00e1cia, pri tejto met\u00f3de je najvhodnej\u0161ie pou\u017ei\u0165 sklenen\u00fa vlnu.Miner\u00e1lna vlna sa rozde\u013euje do kateg\u00f3ri\u00ed pod\u013ea hr\u00fabky, ktor\u00e1 je nutn\u00e1 na zateplenie danej kon\u0161trukcie, teda pri \u0161ikm\u00fdch strech\u00e1ch je odpor\u00fa\u010dan\u00e1 hr\u00fabka 160mm, a to nielen tejto, ale aj sklenenej \u010di kamennej vlny. Sklenen\u00e1 vata je naj\u010dastej\u0161ie pou\u017e\u00edvan\u00e1 pri zatep\u013eovan\u00ed stropov, hr\u00fabka sa odv\u00edja od toho, \u010di je miestnos\u0165 pod n\u00edm vykurovan\u00e1 alebo nie. Nad nevykurovan\u00fdm priestorom sa odpor\u00fa\u010da pou\u017ei\u0165 miner\u00e1lnu vlnu hr\u00fabky 150mm. Na podlahy sa v\u0161ak viac hod\u00ed kamenn\u00e1 miner\u00e1lna vlna, ktor\u00e1 je odolnej\u0161ia vo\u010di mechanick\u00e9mu za\u0165a\u017eovaniu a nam\u00e1haniu v hr\u00fabke aspo\u0148 100mm. Ceny vlny sa ud\u00e1vaj\u00fa za 1m2 v z\u00e1vislosti od mno\u017estva, kvality a miesta jej aplik\u00e1cie.                                                                                                                                                                                                                                                                                                                                                                                          4.7\/5 - (6 votes)        "},{"@context":"https:\/\/schema.org\/","@type":"BreadcrumbList","itemListElement":[{"@type":"ListItem","position":1,"name":"Zateplite si dom pokia\u013e e\u0161te nie je neskoro","item":"https:\/\/www.kvetnet.sk\/zateplite-si-dom-pokial-este-nie-je-neskoro\/#breadcrumbitem"}]}]